{"id":23590,"date":"2025-03-27T09:45:08","date_gmt":"2025-03-27T09:45:08","guid":{"rendered":"https:\/\/f2dc07eea9a036484043cda0a7344ee6\/un-heritage-renait-le-type-20-est-de-retour-au-poignet-des-militaires-francais\/"},"modified":"2025-07-27T07:52:37","modified_gmt":"2025-07-27T07:52:37","slug":"un-heritage-renait-le-type-20-est-de-retour-au-poignet-des-militaires-francais","status":"publish","type":"post","link":"https:\/\/www.airain.com\/fr\/un-heritage-renait-le-type-20-est-de-retour-au-poignet-des-militaires-francais\/","title":{"rendered":"Un h\u00e9ritage rena\u00eet &#8211; La Type 20 est de retour au poignet de l&rsquo;arm\u00e9e fran\u00e7aise"},"content":{"rendered":"\t<div id=\"gap-1146096767\" class=\"gap-element clearfix\" style=\"display:block; height:auto;\">\n\t\t\n<style>\n#gap-1146096767 {\n  padding-top: 91px;\n}\n<\/style>\n\t<\/div>\n\t\n\t<div id=\"text-317381472\" class=\"text\">\n\t\t\n<h3>UN H\u00c9RITAGE RENA\u00ceT &#8211; LE <span style=\"color: #ff9900;\">TYPE 20<\/span> EST DE RETOUR AU POIGNET DES MILITAIRES FRAN\u00c7AIS<\/h3>\n\t\t\n<style>\n#text-317381472 {\n  font-size: 3rem;\n  line-height: 0.95;\n}\n<\/style>\n\t<\/div>\n\t\n<p>Le secret est enfin r\u00e9v\u00e9l\u00e9 : nous sommes en mesure de partager une collaboration historique qui relie notre pass\u00e9 illustre \u00e0 un avenir prometteur. Nous avons l&rsquo;honneur de vous pr\u00e9senter la Airain Type 20 EHRA 3 &#8211; un garde-temps qui marque une \u00e9tape significative pour notre marque, tout en rendant hommage \u00e0 l&rsquo;h\u00e9ritage distingu\u00e9 de l&rsquo;escadron EHRA 3 de l&rsquo;Aviation l\u00e9g\u00e8re de l&rsquo;Arm\u00e9e de terre (ALAT). <\/p>\n\t<div id=\"gap-1492727131\" class=\"gap-element clearfix\" style=\"display:block; height:auto;\">\n\t\t\n<style>\n#gap-1492727131 {\n  padding-top: 50px;\n}\n<\/style>\n\t<\/div>\n\t\n\t<div class=\"img has-hover x md-x lg-x y md-y lg-y\" id=\"image_1004207839\">\n\t\t\t\t\t\t\t\t<div class=\"img-inner image-cover dark\" style=\"padding-top:500px;\">\n\t\t\t<img loading=\"lazy\" decoding=\"async\" width=\"1020\" height=\"680\" src=\"https:\/\/www.airain.com\/wp-content\/uploads\/2024\/04\/Airain-Ehra3-5-scaled-1-1024x683.jpg\" class=\"attachment-large size-large\" alt=\"\" srcset=\"https:\/\/www.airain.com\/wp-content\/uploads\/2024\/04\/Airain-Ehra3-5-scaled-1-1024x683.jpg 1024w, https:\/\/www.airain.com\/wp-content\/uploads\/2024\/04\/Airain-Ehra3-5-scaled-1-1000x667.jpg 1000w, https:\/\/www.airain.com\/wp-content\/uploads\/2024\/04\/Airain-Ehra3-5-scaled-1-300x200.jpg 300w, https:\/\/www.airain.com\/wp-content\/uploads\/2024\/04\/Airain-Ehra3-5-scaled-1-768x512.jpg 768w, https:\/\/www.airain.com\/wp-content\/uploads\/2024\/04\/Airain-Ehra3-5-scaled-1-96x64.jpg 96w, https:\/\/www.airain.com\/wp-content\/uploads\/2024\/04\/Airain-Ehra3-5-scaled-1-42x28.jpg 42w, https:\/\/www.airain.com\/wp-content\/uploads\/2024\/04\/Airain-Ehra3-5-scaled-1-60x40.jpg 60w, https:\/\/www.airain.com\/wp-content\/uploads\/2024\/04\/Airain-Ehra3-5-scaled-1-1536x1024.jpg 1536w, https:\/\/www.airain.com\/wp-content\/uploads\/2024\/04\/Airain-Ehra3-5-scaled-1-2048x1365.jpg 2048w, https:\/\/www.airain.com\/wp-content\/uploads\/2024\/04\/Airain-Ehra3-5-scaled-1-80x53.jpg 80w\" sizes=\"auto, (max-width: 1020px) 100vw, 1020px\" \/>\t\t\t\t\t\t\n\t\t\t\t\t<\/div>\n\t\t\t\t\t\t\t\t\n<style>\n#image_1004207839 {\n  width: 100%;\n}\n<\/style>\n\t<\/div>\n\t\n\t<div id=\"gap-1817662876\" class=\"gap-element clearfix\" style=\"display:block; height:auto;\">\n\t\t\n<style>\n#gap-1817662876 {\n  padding-top: 30px;\n}\n<\/style>\n\t<\/div>\n\t\n\t<div id=\"text-418475685\" class=\"text\">\n\t\t\n<h3><span style=\"color: #000000;\">AIRAIN TYPE 20 EHRA 3<\/span><\/h3>\n\t\t\n<style>\n#text-418475685 {\n  font-size: 2rem;\n  color: rgb(0,0,0);\n}\n#text-418475685 > * {\n  color: rgb(0,0,0);\n}\n<\/style>\n\t<\/div>\n\t\n<p>Con\u00e7ue en \u00e9troite collaboration avec l&rsquo;Escadrille d&rsquo;H\u00e9licopt\u00e8res de Reconnaissance et d&rsquo;Attaque (EHRA) n\u00b03, le troisi\u00e8me escadron d&rsquo;h\u00e9licopt\u00e8res de reconnaissance et d&rsquo;attaque de l&rsquo;Aviation L\u00e9g\u00e8re de l&rsquo;Arm\u00e9e de Terre (ALAT), nous avons cr\u00e9\u00e9 une pi\u00e8ce horlog\u00e8re v\u00e9ritablement unique qui honore les polices et les couleurs embl\u00e9matiques de l&rsquo;EHRA 3. <\/p>\n<p>Son cadran noir audacieux arbore le logo embl\u00e9matique orange 3\/3 SQN et des accents orange vifs autour des sous-cadrans et de la minuterie, compl\u00e9tant ainsi son bo\u00eetier en acier inoxydable. Au dos sont grav\u00e9s les num\u00e9ros de licence de vol individuels des pilotes, personnalisant davantage les pi\u00e8ces. En son c\u0153ur bat le mouvement chronographe flyback calibre AM2, t\u00e9moignage d&rsquo;un engagement in\u00e9branlable envers la pr\u00e9cision.  <\/p>\n<div class=\"is-divider divider clearfix\" style=\"height:1px;background-color:rgb(226, 139, 48);\"><\/div>\n\t<div id=\"gap-311535948\" class=\"gap-element clearfix\" style=\"display:block; height:auto;\">\n\t\t\n<style>\n#gap-311535948 {\n  padding-top: 80px;\n}\n<\/style>\n\t<\/div>\n\t\n<div class=\"row row-collapse row-full-width align-equal\"  id=\"row-1883147332\">\n\n\t<div id=\"col-352899728\" class=\"col medium-6 small-12 large-6\"  >\n\t\t\t\t<div class=\"col-inner\"  >\n\t\t\t\n\t\t\t\n\t<div class=\"img has-hover x md-x lg-x y md-y lg-y\" id=\"image_751773465\">\n\t\t\t\t\t\t\t\t<div class=\"img-inner image-cover dark\" style=\"padding-top:350px;\">\n\t\t\t<img loading=\"lazy\" decoding=\"async\" width=\"1020\" height=\"765\" src=\"https:\/\/www.airain.com\/wp-content\/uploads\/2024\/06\/lesfelins33squadron_387742776_251461137849253_2425023538354488631_n-1024x768.jpg\" class=\"attachment-large size-large\" alt=\"\" srcset=\"https:\/\/www.airain.com\/wp-content\/uploads\/2024\/06\/lesfelins33squadron_387742776_251461137849253_2425023538354488631_n-1024x768.jpg 1024w, https:\/\/www.airain.com\/wp-content\/uploads\/2024\/06\/lesfelins33squadron_387742776_251461137849253_2425023538354488631_n-1000x750.jpg 1000w, https:\/\/www.airain.com\/wp-content\/uploads\/2024\/06\/lesfelins33squadron_387742776_251461137849253_2425023538354488631_n-300x225.jpg 300w, https:\/\/www.airain.com\/wp-content\/uploads\/2024\/06\/lesfelins33squadron_387742776_251461137849253_2425023538354488631_n-768x576.jpg 768w, https:\/\/www.airain.com\/wp-content\/uploads\/2024\/06\/lesfelins33squadron_387742776_251461137849253_2425023538354488631_n-96x72.jpg 96w, https:\/\/www.airain.com\/wp-content\/uploads\/2024\/06\/lesfelins33squadron_387742776_251461137849253_2425023538354488631_n-42x32.jpg 42w, https:\/\/www.airain.com\/wp-content\/uploads\/2024\/06\/lesfelins33squadron_387742776_251461137849253_2425023538354488631_n-60x45.jpg 60w, https:\/\/www.airain.com\/wp-content\/uploads\/2024\/06\/lesfelins33squadron_387742776_251461137849253_2425023538354488631_n-80x60.jpg 80w, https:\/\/www.airain.com\/wp-content\/uploads\/2024\/06\/lesfelins33squadron_387742776_251461137849253_2425023538354488631_n.jpg 1080w\" sizes=\"auto, (max-width: 1020px) 100vw, 1020px\" \/>\t\t\t\t\t\t\n\t\t\t\t\t<\/div>\n\t\t\t\t\t\t\t\t\n<style>\n#image_751773465 {\n  width: 100%;\n}\n<\/style>\n\t<\/div>\n\t\n\t\t<\/div>\n\t\t\t\t\t<\/div>\n\n\t\n\n\t<div id=\"col-683749079\" class=\"col medium-6 small-12 large-6\"  >\n\t\t\t\t<div class=\"col-inner\"  >\n\t\t\t\n\t\t\t\n\t<div class=\"img has-hover x md-x lg-x y md-y lg-y\" id=\"image_2143441129\">\n\t\t\t\t\t\t\t\t<div class=\"img-inner image-cover dark\" style=\"padding-top:350px;\">\n\t\t\t<img loading=\"lazy\" decoding=\"async\" width=\"657\" height=\"432\" src=\"https:\/\/www.airain.com\/wp-content\/uploads\/2024\/06\/33squadronlesfelins_443888582_1162368415188496_63416148293454975_n.jpg\" class=\"attachment-large size-large\" alt=\"\" srcset=\"https:\/\/www.airain.com\/wp-content\/uploads\/2024\/06\/33squadronlesfelins_443888582_1162368415188496_63416148293454975_n.jpg 657w, https:\/\/www.airain.com\/wp-content\/uploads\/2024\/06\/33squadronlesfelins_443888582_1162368415188496_63416148293454975_n-1x1.jpg 1w, https:\/\/www.airain.com\/wp-content\/uploads\/2024\/06\/33squadronlesfelins_443888582_1162368415188496_63416148293454975_n-300x197.jpg 300w, https:\/\/www.airain.com\/wp-content\/uploads\/2024\/06\/33squadronlesfelins_443888582_1162368415188496_63416148293454975_n-96x63.jpg 96w, https:\/\/www.airain.com\/wp-content\/uploads\/2024\/06\/33squadronlesfelins_443888582_1162368415188496_63416148293454975_n-42x28.jpg 42w, https:\/\/www.airain.com\/wp-content\/uploads\/2024\/06\/33squadronlesfelins_443888582_1162368415188496_63416148293454975_n-60x39.jpg 60w, https:\/\/www.airain.com\/wp-content\/uploads\/2024\/06\/33squadronlesfelins_443888582_1162368415188496_63416148293454975_n-80x53.jpg 80w\" sizes=\"auto, (max-width: 657px) 100vw, 657px\" \/>\t\t\t\t\t\t\n\t\t\t\t\t<\/div>\n\t\t\t\t\t\t\t\t\n<style>\n#image_2143441129 {\n  width: 100%;\n}\n<\/style>\n\t<\/div>\n\t\n\t\t<\/div>\n\t\t\t\t\t<\/div>\n\n\t\n<\/div>\n\t<div id=\"gap-1375107837\" class=\"gap-element clearfix\" style=\"display:block; height:auto;\">\n\t\t\n<style>\n#gap-1375107837 {\n  padding-top: 30px;\n}\n<\/style>\n\t<\/div>\n\t\n\t<div id=\"text-2351788684\" class=\"text\">\n\t\t\n<h3>HISTOIRE ET \u00c9VOLUTION DE L&rsquo;ESCADRON D&rsquo;H\u00c9LICOPT\u00c8RES <span style=\"color: #ff9900;\">EHRA 3<\/span><\/h3>\n\t\t\n<style>\n#text-2351788684 {\n  font-size: 2rem;\n  line-height: 1;\n}\n<\/style>\n\t<\/div>\n\t\n<p>Fond\u00e9 le 1er juillet 1968, l&rsquo;escadron d&rsquo;h\u00e9licopt\u00e8res EHRA 3 est l&rsquo;unit\u00e9 la plus aguerrie de l&rsquo;Aviation L\u00e9g\u00e8re de l&rsquo;Arm\u00e9e de Terre (ALAT). Initialement, les pilotes de l&rsquo;EHRA 3 op\u00e9raient sur des h\u00e9licopt\u00e8res Alouette III \u00e9quip\u00e9s de missiles antichars SS-11, et l&rsquo;escadron \u00e9tait connu sous le nom d&rsquo;Escadron d&rsquo;H\u00e9licopt\u00e8res d&rsquo;Attaque, symbolis\u00e9 par une t\u00eate de tigre. D\u00e8s sa cr\u00e9ation, les missions principales de l&rsquo;escadron ont \u00e9t\u00e9 la reconnaissance et l&rsquo;attaque.  <\/p>\n<p>En 1977, l&rsquo;escadron a \u00e9t\u00e9 rebaptis\u00e9 Escadron d&rsquo;H\u00e9licopt\u00e8res Antichars et a adopt\u00e9 un logo diff\u00e9rent. En 1999, l&rsquo;escadron s&rsquo;est modernis\u00e9 en passant aux h\u00e9licopt\u00e8res SA 342 Gazelle, rempla\u00e7ant les anciens mod\u00e8les Alouette. Ces nouveaux h\u00e9licopt\u00e8res, arm\u00e9s de missiles HOT, sont dot\u00e9s de cam\u00e9ras optiques et thermiques avanc\u00e9es. Par la suite, l&rsquo;escadron a repris son nom d&rsquo;origine, Escadron d&rsquo;H\u00e9licopt\u00e8res d&rsquo;Attaque, et a \u00e9t\u00e9 officiellement baptis\u00e9 \u00ab\u00a0Les F\u00e9lins\u00a0\u00bb. La t\u00eate de tigre est redevenue leur logo.    <\/p>\n<div class=\"is-divider divider clearfix\" style=\"height:1px;background-color:rgb(226, 139, 48);\"><\/div>\n\t<div id=\"gap-1192374077\" class=\"gap-element clearfix\" style=\"display:block; height:auto;\">\n\t\t\n<style>\n#gap-1192374077 {\n  padding-top: 80px;\n}\n<\/style>\n\t<\/div>\n\t\n\t<div class=\"img has-hover show-for-small x md-x lg-x y md-y lg-y\" id=\"image_1807264723\">\n\t\t\t\t\t\t\t\t<div class=\"img-inner image-cover dark\" style=\"padding-top:100%;\">\n\t\t\t<img loading=\"lazy\" decoding=\"async\" width=\"829\" height=\"1024\" src=\"https:\/\/www.airain.com\/wp-content\/uploads\/2024\/06\/IMG_1211-Recovered-Recovered-scaled-e1718359526561-829x1024.jpg\" class=\"attachment-large size-large\" alt=\"\" srcset=\"https:\/\/www.airain.com\/wp-content\/uploads\/2024\/06\/IMG_1211-Recovered-Recovered-scaled-e1718359526561-829x1024.jpg 829w, https:\/\/www.airain.com\/wp-content\/uploads\/2024\/06\/IMG_1211-Recovered-Recovered-scaled-e1718359526561-1000x1235.jpg 1000w, https:\/\/www.airain.com\/wp-content\/uploads\/2024\/06\/IMG_1211-Recovered-Recovered-scaled-e1718359526561-243x300.jpg 243w, https:\/\/www.airain.com\/wp-content\/uploads\/2024\/06\/IMG_1211-Recovered-Recovered-scaled-e1718359526561-768x949.jpg 768w, https:\/\/www.airain.com\/wp-content\/uploads\/2024\/06\/IMG_1211-Recovered-Recovered-scaled-e1718359526561-78x96.jpg 78w, https:\/\/www.airain.com\/wp-content\/uploads\/2024\/06\/IMG_1211-Recovered-Recovered-scaled-e1718359526561-34x42.jpg 34w, https:\/\/www.airain.com\/wp-content\/uploads\/2024\/06\/IMG_1211-Recovered-Recovered-scaled-e1718359526561-49x60.jpg 49w, https:\/\/www.airain.com\/wp-content\/uploads\/2024\/06\/IMG_1211-Recovered-Recovered-scaled-e1718359526561-1244x1536.jpg 1244w, https:\/\/www.airain.com\/wp-content\/uploads\/2024\/06\/IMG_1211-Recovered-Recovered-scaled-e1718359526561-65x80.jpg 65w, https:\/\/www.airain.com\/wp-content\/uploads\/2024\/06\/IMG_1211-Recovered-Recovered-scaled-e1718359526561.jpg 1344w\" sizes=\"auto, (max-width: 829px) 100vw, 829px\" \/>\t\t\t\t\t\t\n\t\t\t\t\t<\/div>\n\t\t\t\t\t\t\t\t\n<style>\n#image_1807264723 {\n  width: 100%;\n}\n<\/style>\n\t<\/div>\n\t\n\t<div class=\"img has-hover hide-for-small x md-x lg-x y md-y lg-y\" id=\"image_336901022\">\n\t\t\t\t\t\t\t\t<div class=\"img-inner image-cover dark\" style=\"padding-top:350px;\">\n\t\t\t<img loading=\"lazy\" decoding=\"async\" width=\"2131\" height=\"624\" src=\"https:\/\/www.airain.com\/wp-content\/uploads\/2024\/06\/IMG_1211-Recovered-Recovered-1-scaled-e1718360343179.jpg\" class=\"attachment-original size-original\" alt=\"\" srcset=\"https:\/\/www.airain.com\/wp-content\/uploads\/2024\/06\/IMG_1211-Recovered-Recovered-1-scaled-e1718360343179.jpg 2131w, https:\/\/www.airain.com\/wp-content\/uploads\/2024\/06\/IMG_1211-Recovered-Recovered-1-scaled-e1718360343179-1000x293.jpg 1000w, https:\/\/www.airain.com\/wp-content\/uploads\/2024\/06\/IMG_1211-Recovered-Recovered-1-scaled-e1718360343179-300x88.jpg 300w, https:\/\/www.airain.com\/wp-content\/uploads\/2024\/06\/IMG_1211-Recovered-Recovered-1-scaled-e1718360343179-1024x300.jpg 1024w, https:\/\/www.airain.com\/wp-content\/uploads\/2024\/06\/IMG_1211-Recovered-Recovered-1-scaled-e1718360343179-768x225.jpg 768w, https:\/\/www.airain.com\/wp-content\/uploads\/2024\/06\/IMG_1211-Recovered-Recovered-1-scaled-e1718360343179-96x28.jpg 96w, https:\/\/www.airain.com\/wp-content\/uploads\/2024\/06\/IMG_1211-Recovered-Recovered-1-scaled-e1718360343179-42x12.jpg 42w, https:\/\/www.airain.com\/wp-content\/uploads\/2024\/06\/IMG_1211-Recovered-Recovered-1-scaled-e1718360343179-60x18.jpg 60w, https:\/\/www.airain.com\/wp-content\/uploads\/2024\/06\/IMG_1211-Recovered-Recovered-1-scaled-e1718360343179-1536x450.jpg 1536w, https:\/\/www.airain.com\/wp-content\/uploads\/2024\/06\/IMG_1211-Recovered-Recovered-1-scaled-e1718360343179-2048x600.jpg 2048w, https:\/\/www.airain.com\/wp-content\/uploads\/2024\/06\/IMG_1211-Recovered-Recovered-1-scaled-e1718360343179-80x23.jpg 80w\" sizes=\"auto, (max-width: 2131px) 100vw, 2131px\" \/>\t\t\t\t\t\t\n\t\t\t\t\t<\/div>\n\t\t\t\t\t\t\t\t\n<style>\n#image_336901022 {\n  width: 100%;\n}\n<\/style>\n\t<\/div>\n\t\n\t<div id=\"gap-632594590\" class=\"gap-element clearfix\" style=\"display:block; height:auto;\">\n\t\t\n<style>\n#gap-632594590 {\n  padding-top: 30px;\n}\n<\/style>\n\t<\/div>\n\t\n\t<div id=\"text-250454999\" class=\"text\">\n\t\t\n<h3>LA MISSION CONTINUE<\/h3>\n\t\t\n<style>\n#text-250454999 {\n  font-size: 2rem;\n  line-height: 1;\n}\n<\/style>\n\t<\/div>\n\t\n<p>Depuis la renaissance de Airain en 2020, nous avons accompli avec succ\u00e8s l&rsquo;une de nos missions les plus cruciales : reconqu\u00e9rir notre position autour des poignets des pilotes de l&rsquo;ALAT. Fond\u00e9 le 1er juillet 1968, l&rsquo;escadron a c\u00e9l\u00e9br\u00e9 son 55e anniversaire l&rsquo;ann\u00e9e derni\u00e8re. \u00c0 pr\u00e9sent, le secret est enfin d\u00e9voil\u00e9 : Airain a comm\u00e9mor\u00e9 cet \u00e9v\u00e9nement marquant en \u00e9mettant 25 montres Airain Type 20 EHRA 3 personnalis\u00e9es.  <\/p>\n<p>Cette \u00e9dition honore non seulement un jalon historique, mais annonce \u00e9galement le d\u00e9but d&rsquo;une nouvelle \u00e8re. Une \u00e8re de collaborations exclusives avec des marques et des cr\u00e9ateurs qui partagent notre engagement envers l&rsquo;excellence horlog\u00e8re et les montres historiquement significatives. <\/p>\n<p>Sur cette note, restez attentifs aux annonces de nouvelles collaborations dans les semaines \u00e0 venir. Bien que cette montre soit d\u00e9j\u00e0 \u00e9puis\u00e9e, nous avons encore quelques surprises en r\u00e9serve auxquelles vous pourrez participer. <\/p>\n<div class=\"is-divider divider clearfix\" style=\"height:1px;background-color:rgb(226, 139, 48);\"><\/div>\n\t<div id=\"gap-941462769\" class=\"gap-element clearfix\" style=\"display:block; height:auto;\">\n\t\t\n<style>\n#gap-941462769 {\n  padding-top: 80px;\n}\n<\/style>\n\t<\/div>\n\t\n","protected":false},"excerpt":{"rendered":"<p>Le secret est enfin r\u00e9v\u00e9l\u00e9 : nous sommes en mesure de partager une collaboration historique qui relie notre pass\u00e9 illustre \u00e0 un avenir prometteur. Nous avons l&rsquo;honneur de vous pr\u00e9senter la Airain Type 20 EHRA 3 &#8211; un garde-temps qui marque une \u00e9tape significative pour notre marque, tout en rendant hommage \u00e0 l&rsquo;h\u00e9ritage distingu\u00e9 de&#8230;<\/p>\n","protected":false},"author":783,"featured_media":23592,"comment_status":"closed","ping_status":"open","sticky":false,"template":"","format":"standard","meta":{"footnotes":""},"categories":[177,178],"tags":[],"class_list":["post-23590","post","type-post","status-publish","format-standard","has-post-thumbnail","hentry","category-le-type-20","category-militaire"],"_links":{"self":[{"href":"https:\/\/www.airain.com\/fr\/wp-json\/wp\/v2\/posts\/23590","targetHints":{"allow":["GET"]}}],"collection":[{"href":"https:\/\/www.airain.com\/fr\/wp-json\/wp\/v2\/posts"}],"about":[{"href":"https:\/\/www.airain.com\/fr\/wp-json\/wp\/v2\/types\/post"}],"author":[{"embeddable":true,"href":"https:\/\/www.airain.com\/fr\/wp-json\/wp\/v2\/users\/783"}],"replies":[{"embeddable":true,"href":"https:\/\/www.airain.com\/fr\/wp-json\/wp\/v2\/comments?post=23590"}],"version-history":[{"count":0,"href":"https:\/\/www.airain.com\/fr\/wp-json\/wp\/v2\/posts\/23590\/revisions"}],"wp:featuredmedia":[{"embeddable":true,"href":"https:\/\/www.airain.com\/fr\/wp-json\/wp\/v2\/media\/23592"}],"wp:attachment":[{"href":"https:\/\/www.airain.com\/fr\/wp-json\/wp\/v2\/media?parent=23590"}],"wp:term":[{"taxonomy":"category","embeddable":true,"href":"https:\/\/www.airain.com\/fr\/wp-json\/wp\/v2\/categories?post=23590"},{"taxonomy":"post_tag","embeddable":true,"href":"https:\/\/www.airain.com\/fr\/wp-json\/wp\/v2\/tags?post=23590"}],"curies":[{"name":"wp","href":"https:\/\/api.w.org\/{rel}","templated":true}]}}